{"id":101,"date":"2018-03-17T16:09:35","date_gmt":"2018-03-17T15:09:35","guid":{"rendered":"http:\/\/abcoachingsante.com\/blog\/?p=101"},"modified":"2018-10-02T20:01:29","modified_gmt":"2018-10-02T18:01:29","slug":"marcher-sen-rendre-compte-possible","status":"publish","type":"post","link":"https:\/\/abcoachingsante.com\/blog\/2018\/03\/17\/marcher-sen-rendre-compte-possible\/","title":{"rendered":"marcher sans s&rsquo;en rendre compte est ce possible ?"},"content":{"rendered":"<blockquote>\n<p>\n\t\t<img loading=\"lazy\" alt=\"\" class=\"aligncenter size-full wp-image-139\" height=\"1920\" src=\"http:\/\/abcoachingsante.com\/blog\/wp-content\/uploads\/2018\/03\/de-belles-emotions-de-printemps.png\" width=\"1080\" srcset=\"https:\/\/abcoachingsante.com\/blog\/wp-content\/uploads\/2018\/03\/de-belles-emotions-de-printemps.png 1080w, https:\/\/abcoachingsante.com\/blog\/wp-content\/uploads\/2018\/03\/de-belles-emotions-de-printemps-169x300.png 169w, https:\/\/abcoachingsante.com\/blog\/wp-content\/uploads\/2018\/03\/de-belles-emotions-de-printemps-768x1365.png 768w, https:\/\/abcoachingsante.com\/blog\/wp-content\/uploads\/2018\/03\/de-belles-emotions-de-printemps-576x1024.png 576w, https:\/\/abcoachingsante.com\/blog\/wp-content\/uploads\/2018\/03\/de-belles-emotions-de-printemps-152x270.png 152w\" sizes=\"(max-width: 1080px) 100vw, 1080px\" \/>\n\t<\/p>\n<\/blockquote>\n<p style=\"text-align: center;\">\n\t<span style=\"color:#696969;\"><span style=\"font-size:20px;\"><span style=\"font-family:arial,helvetica,sans-serif;\">Avez vous d&eacute;j&agrave; v&eacute;cu une situation o&ugrave; le temps et l&#39;espace semblaient avoir disparu. ?<br \/>\n\tPar exemple lorsque vous &ecirc;tes accapar&eacute;e par une &eacute;motion,une pens&eacute;e, <\/span><\/span><\/span>\n<\/p>\n<p style=\"text-align: center;\">\n\t<span style=\"color:#696969;\"><span style=\"font-size:20px;\"><span style=\"font-family:arial,helvetica,sans-serif;\">vous oubliez votre corps (vous n&#39;&ecirc;tes plus consciente de votre perception spatiale ) <\/span><\/span><\/span>\n<\/p>\n<p style=\"text-align: center;\">\n\t<span style=\"color:#696969;\"><span style=\"font-size:20px;\"><span style=\"font-family:arial,helvetica,sans-serif;\">vous oubliez l&#39;environnement (le monde ext&eacute;rieur dispara&icirc;t ) <\/span><\/span><\/span>\n<\/p>\n<p style=\"text-align: center;\">\n\t<span style=\"color:#696969;\"><span style=\"font-size:20px;\"><span style=\"font-family:arial,helvetica,sans-serif;\">vous oubliez le temps, (vous n&#39;avez aucune id&eacute;e de la dur&eacute;e de votre &quot;absence&quot;)<\/span><\/span><\/span>\n<\/p>\n<p style=\"text-align: center;\">\n\t<span style=\"color:#696969;\"><span style=\"font-size:20px;\"><span style=\"font-family:arial,helvetica,sans-serif;\">J&rsquo;ai r&eacute;ussi &agrave; la&nbsp;faire parler de ses projets techniques avec le sport, et l&rsquo;insertion du sport dans la soci&eacute;t&eacute; ou plut&ocirc;t de la soci&eacute;t&eacute; dans et &agrave; travers le sport.<\/span><\/span><\/span>\n<\/p>\n<p style=\"text-align: center;\">\n\t<span style=\"color:#696969;\"><span style=\"font-size:20px;\"><span style=\"font-family:arial,helvetica,sans-serif;\">Tout ce qui est rapport dans l&rsquo;espace, le temps avec l&rsquo;humain m&rsquo;interpelle. <\/span><\/span><\/span>\n<\/p>\n<p style=\"text-align: center;\">\n\t<span style=\"color:#696969;\"><span style=\"font-size:20px;\"><span style=\"font-family:arial,helvetica,sans-serif;\">C&rsquo;est cela mon m&eacute;tier : Posturologue, non seulement le pied dans le sch&eacute;ma corporel, mais le corps dans l&rsquo;espace et l&rsquo;environnement cr&eacute;&eacute; ou subit.<\/span><\/span><\/span>\n<\/p>\n<p style=\"text-align: center;\">\n\t<span style=\"color:#696969;\"><span style=\"font-size:20px;\"><span style=\"font-family:arial,helvetica,sans-serif;\">Pour &ecirc;tre sur pied, il faut d&eacute;j&agrave; &ecirc;tre, puis prendre conscience de ses pieds et de l&rsquo;usage que l&rsquo;on peut en faire. <\/span><\/span><\/span>\n<\/p>\n<p style=\"text-align: center;\">\n\t<span style=\"color:#696969;\"><span style=\"font-size:20px;\"><span style=\"font-family:arial,helvetica,sans-serif;\">Un b&eacute;b&eacute; commence par jouer avec ses pieds, puis lorsqu&rsquo;il a suffisamment de tonus musculaire, il se l&egrave;ve et cherche &agrave; aller voir ailleurs, avec ses pieds, l&rsquo;&eacute;quilibre est une ma&icirc;trise qui s&rsquo;acqui&egrave;re au fil des jours pour aboutir &agrave; l&rsquo;action de marcher.<\/span><\/span><\/span>\n<\/p>\n<p style=\"text-align: center;\">\n\t<span style=\"color:#696969;\"><span style=\"font-size:20px;\"><span style=\"font-family:arial,helvetica,sans-serif;\">Dans un premier temps on va de l&rsquo;avant, c&rsquo;est la seule possibilit&eacute; pour un d&eacute;butant !!<\/span><\/span><\/span>\n<\/p>\n<p style=\"text-align: center;\">\n\t<span style=\"color:#696969;\"><span style=\"font-size:20px;\"><span style=\"font-family:arial,helvetica,sans-serif;\">Longtemps plus tard vient la possibilit&eacute; de prendre du recul !!<\/span><\/span><\/span>\n<\/p>\n<p style=\"text-align: center;\">\n\t<span style=\"color:#696969;\"><span style=\"font-size:20px;\"><span style=\"font-family:arial,helvetica,sans-serif;\">Qu&rsquo;est ce que prendre du recul ?<\/span><\/span><\/span>\n<\/p>\n<p style=\"text-align: center;\">\n\t<span style=\"color:#696969;\"><span style=\"font-size:20px;\"><span style=\"font-family:arial,helvetica,sans-serif;\">C&rsquo;est laisser une situation avancer sans y prendre part et la voir de Loin ?<\/span><\/span><\/span>\n<\/p>\n<p style=\"text-align: center;\">\n\t<span style=\"color:#696969;\"><span style=\"font-size:20px;\"><span style=\"font-family:arial,helvetica,sans-serif;\">Ou bien c&rsquo;est faire marche arri&egrave;re pour la voir avec un autre regard ?<\/span><\/span><\/span>\n<\/p>\n<p style=\"text-align: center;\">\n\t<span style=\"color:#696969;\"><span style=\"font-size:20px;\"><span style=\"font-family:arial,helvetica,sans-serif;\">Que pensez-vous qu&#39;il en soit avec vos &eacute;motions, vos croyances?<\/span><\/span><\/span>\n<\/p>\n<p style=\"text-align: center;\">\n\t<span style=\"color:#696969;\"><span style=\"font-size:20px;\"><span style=\"font-family:arial,helvetica,sans-serif;\">Le stress est-il pourvoyeur de changements de postures,car enfin, vous n&#39;avez pas le m&ecirc;me regard des choses environnantes des personnes qui vous accompagnent lorsque vous &ecirc;tes en Joie!!! <\/span><\/span><\/span>\n<\/p>\n<p style=\"text-align: center;\">\n\t<span style=\"color:#696969;\"><span style=\"font-size:20px;\"><span style=\"font-family:arial,helvetica,sans-serif;\">Tout va pour le mieux&nbsp;presque tout le monde il est beau, tout le monde il est gentil &#8230; Presque vrai..<\/span><\/span><\/span>\n<\/p>\n<p style=\"text-align: center;\">\n\t<span style=\"color:#696969;\"><span style=\"font-size:20px;\"><span style=\"font-family:arial,helvetica,sans-serif;\">Mais quand la tourmente vous habite, que se passe-t&#39;il?<\/span><\/span><\/span>\n<\/p>\n<p style=\"text-align: center;\">\n\t<span style=\"color:#696969;\"><span style=\"font-size:20px;\"><span style=\"font-family:arial,helvetica,sans-serif;\">plus rien ne va plus,tout devient moche , vous parait agressif &agrave; votre encontre.<\/span><\/span><\/span>\n<\/p>\n<p style=\"text-align: center;\">\n\t<span style=\"color:#696969;\"><span style=\"font-size:20px;\"><span style=\"font-family:arial,helvetica,sans-serif;\">est ce confortable de rester avec ces croyances n&eacute;gatives?<\/span><\/span><\/span>\n<\/p>\n<p style=\"text-align: center;\">\n\t<span style=\"color:#696969;\"><span style=\"font-size:20px;\"><span style=\"font-family:arial,helvetica,sans-serif;\">Y a t&#39;il une solution pour y voir plus clair?<\/span><\/span><\/span>\n<\/p>\n<p style=\"text-align: center;\">\n\t<span style=\"color:#696969;\"><span style=\"font-size:20px;\"><span style=\"font-family:arial,helvetica,sans-serif;\">Oui, je peux vous proposer un coaching de vos &eacute;motions pour rapidement retrouver une vie plus l&eacute;g&egrave;re et plus joyeuse en tirant profit de vos ruminations qui peuvent rapidement &agrave; votre insu , vous entra&icirc;ner dans la maladie.<\/span><\/span><\/span>\n<\/p>\n<p style=\"text-align: center;\">\n\t<span style=\"color:#696969;\"><span style=\"font-size:20px;\"><span style=\"font-family:arial,helvetica,sans-serif;\">Un coaching STREE et EMOTIONS,gr&acirc;ce &agrave; <\/span><\/span><\/span><span style=\"color:#FF0000;\"><span style=\"font-size:20px;\"><span style=\"font-family:arial,helvetica,sans-serif;\">ABcoachingsant&eacute;<\/span><\/span><\/span><span style=\"color:#696969;\"><span style=\"font-size:20px;\"><span style=\"font-family:arial,helvetica,sans-serif;\">&nbsp;mettre en place un objectif de nouvelles petites habitudes qui vous apporteront en queques jours une s&eacute;r&eacute;nit&eacute; et un enthousiasme tr&egrave;s envi&eacute;&#8230;.<\/span><\/span><\/span><\/p>\n<div style=\"border: 1px solid #ccc; border-radius: 15px; padding: 15px;\">\r\n<div class=\"col-xs-3\"><img src=\"\/img\/francoise-perreau-200.jpg\" alt=\"Fran\u00e7oise Perreau\" \/><\/div>\r\n<div class=\"col-xs-9\">\r\n<p>Posturologue pendant 40 ans, j\u2019ai quitt\u00e9 cette activit\u00e9 pour me consacrer pleinement au coaching de sant\u00e9 et bien \u00eatre.<br \/><br \/>\r\nRetrouvez l'ensemble de mes formations sur  <a href=\"https:\/\/abcoachingsante.kneo.me\/shop\">ma boutique<\/a><\/p>\r\n<\/div>\r\n<div style=\"clear: both;\"><\/div>\r\n<\/div>","protected":false},"excerpt":{"rendered":"<p>Avez vous d&eacute;j&agrave; v&eacute;cu une situation o&ugrave; le temps et l&#39;espace semblaient avoir disparu. ? Par exemple lorsque vous &ecirc;tes accapar&eacute;e par une &eacute;motion,une pens&eacute;e, vous oubliez votre corps (vous n&#39;&ecirc;tes plus consciente de votre perception spatiale ) vous oubliez l&#39;environnement (le monde ext&eacute;rieur dispara&icirc;t ) vous oubliez le temps, (vous n&#39;avez aucune id&eacute;e de la dur&eacute;e de votre &quot;absence&quot;) J&rsquo;ai r&eacute;ussi &agrave; la&nbsp;faire parler de ses projets techniques avec le sport, et l&rsquo;insertion du sport dans la soci&eacute;t&eacute; ou&#8230;<\/p>\n<p class=\"read-more\"><a class=\"btn btn-default\" href=\"https:\/\/abcoachingsante.com\/blog\/2018\/03\/17\/marcher-sen-rendre-compte-possible\/\">Lire la suite<span class=\"screen-reader-text\"> Lire la suite<\/span><\/a><\/p>\n","protected":false},"author":1,"featured_media":0,"comment_status":"open","ping_status":"open","sticky":false,"template":"","format":"standard","meta":[],"categories":[1],"tags":[],"yoast_head":"<!-- This site is optimized with the Yoast SEO plugin v15.5 - https:\/\/yoast.com\/wordpress\/plugins\/seo\/ -->\n<title>marcher sans s&#039;en rendre compte est ce possible ? -<\/title>\n<meta name=\"robots\" content=\"index, follow, max-snippet:-1, max-image-preview:large, max-video-preview:-1\" \/>\n<link rel=\"canonical\" href=\"https:\/\/abcoachingsante.com\/blog\/2018\/03\/17\/marcher-sen-rendre-compte-possible\/\" \/>\n<meta property=\"og:locale\" content=\"fr_FR\" \/>\n<meta property=\"og:type\" content=\"article\" \/>\n<meta property=\"og:title\" content=\"marcher sans s&#039;en rendre compte est ce possible ? -\" \/>\n<meta property=\"og:description\" content=\"Avez vous d&eacute;j&agrave; v&eacute;cu une situation o&ugrave; le temps et l&#039;espace semblaient avoir disparu. ? Par exemple lorsque vous &ecirc;tes accapar&eacute;e par une &eacute;motion,une pens&eacute;e, vous oubliez votre corps (vous n&#039;&ecirc;tes plus consciente de votre perception spatiale ) vous oubliez l&#039;environnement (le monde ext&eacute;rieur dispara&icirc;t ) vous oubliez le temps, (vous n&#039;avez aucune id&eacute;e de la dur&eacute;e de votre &quot;absence&quot;) J&rsquo;ai r&eacute;ussi &agrave; la&nbsp;faire parler de ses projets techniques avec le sport, et l&rsquo;insertion du sport dans la soci&eacute;t&eacute; ou...Lire la suite Lire la suite\" \/>\n<meta property=\"og:url\" content=\"https:\/\/abcoachingsante.com\/blog\/2018\/03\/17\/marcher-sen-rendre-compte-possible\/\" \/>\n<meta property=\"article:publisher\" content=\"https:\/\/www.facebook.com\/coachstressetsante.FR\/\" \/>\n<meta property=\"article:published_time\" content=\"2018-03-17T15:09:35+00:00\" \/>\n<meta property=\"article:modified_time\" content=\"2018-10-02T18:01:29+00:00\" \/>\n<meta property=\"og:image\" content=\"http:\/\/abcoachingsante.com\/blog\/wp-content\/uploads\/2018\/03\/de-belles-emotions-de-printemps.png\" \/>\n<meta name=\"twitter:card\" content=\"summary\" \/>\n<meta name=\"twitter:label1\" content=\"Dur\u00e9e de lecture est.\">\n\t<meta name=\"twitter:data1\" content=\"2 minutes\">\n<script type=\"application\/ld+json\" class=\"yoast-schema-graph\">{\"@context\":\"https:\/\/schema.org\",\"@graph\":[{\"@type\":\"WebSite\",\"@id\":\"https:\/\/abcoachingsante.com\/blog\/#website\",\"url\":\"https:\/\/abcoachingsante.com\/blog\/\",\"name\":\"\",\"description\":\"\",\"potentialAction\":[{\"@type\":\"SearchAction\",\"target\":\"https:\/\/abcoachingsante.com\/blog\/?s={search_term_string}\",\"query-input\":\"required name=search_term_string\"}],\"inLanguage\":\"fr-FR\"},{\"@type\":\"ImageObject\",\"@id\":\"https:\/\/abcoachingsante.com\/blog\/2018\/03\/17\/marcher-sen-rendre-compte-possible\/#primaryimage\",\"inLanguage\":\"fr-FR\",\"url\":\"http:\/\/abcoachingsante.com\/blog\/wp-content\/uploads\/2018\/03\/de-belles-emotions-de-printemps.png\"},{\"@type\":\"WebPage\",\"@id\":\"https:\/\/abcoachingsante.com\/blog\/2018\/03\/17\/marcher-sen-rendre-compte-possible\/#webpage\",\"url\":\"https:\/\/abcoachingsante.com\/blog\/2018\/03\/17\/marcher-sen-rendre-compte-possible\/\",\"name\":\"marcher sans s'en rendre compte est ce possible ? -\",\"isPartOf\":{\"@id\":\"https:\/\/abcoachingsante.com\/blog\/#website\"},\"primaryImageOfPage\":{\"@id\":\"https:\/\/abcoachingsante.com\/blog\/2018\/03\/17\/marcher-sen-rendre-compte-possible\/#primaryimage\"},\"datePublished\":\"2018-03-17T15:09:35+00:00\",\"dateModified\":\"2018-10-02T18:01:29+00:00\",\"author\":{\"@id\":\"https:\/\/abcoachingsante.com\/blog\/#\/schema\/person\/0995a4e558ae846a9fff2a7006b5efdd\"},\"inLanguage\":\"fr-FR\",\"potentialAction\":[{\"@type\":\"ReadAction\",\"target\":[\"https:\/\/abcoachingsante.com\/blog\/2018\/03\/17\/marcher-sen-rendre-compte-possible\/\"]}]},{\"@type\":\"Person\",\"@id\":\"https:\/\/abcoachingsante.com\/blog\/#\/schema\/person\/0995a4e558ae846a9fff2a7006b5efdd\",\"name\":\"abcoaching\",\"image\":{\"@type\":\"ImageObject\",\"@id\":\"https:\/\/abcoachingsante.com\/blog\/#personlogo\",\"inLanguage\":\"fr-FR\",\"url\":\"https:\/\/secure.gravatar.com\/avatar\/4c41d3ccb821c6a49eb448acb3ccd32e?s=96&d=mm&r=g\",\"caption\":\"abcoaching\"}}]}<\/script>\n<!-- \/ Yoast SEO plugin. -->","_links":{"self":[{"href":"https:\/\/abcoachingsante.com\/blog\/wp-json\/wp\/v2\/posts\/101"}],"collection":[{"href":"https:\/\/abcoachingsante.com\/blog\/wp-json\/wp\/v2\/posts"}],"about":[{"href":"https:\/\/abcoachingsante.com\/blog\/wp-json\/wp\/v2\/types\/post"}],"author":[{"embeddable":true,"href":"https:\/\/abcoachingsante.com\/blog\/wp-json\/wp\/v2\/users\/1"}],"replies":[{"embeddable":true,"href":"https:\/\/abcoachingsante.com\/blog\/wp-json\/wp\/v2\/comments?post=101"}],"version-history":[{"count":9,"href":"https:\/\/abcoachingsante.com\/blog\/wp-json\/wp\/v2\/posts\/101\/revisions"}],"predecessor-version":[{"id":331,"href":"https:\/\/abcoachingsante.com\/blog\/wp-json\/wp\/v2\/posts\/101\/revisions\/331"}],"wp:attachment":[{"href":"https:\/\/abcoachingsante.com\/blog\/wp-json\/wp\/v2\/media?parent=101"}],"wp:term":[{"taxonomy":"category","embeddable":true,"href":"https:\/\/abcoachingsante.com\/blog\/wp-json\/wp\/v2\/categories?post=101"},{"taxonomy":"post_tag","embeddable":true,"href":"https:\/\/abcoachingsante.com\/blog\/wp-json\/wp\/v2\/tags?post=101"}],"curies":[{"name":"wp","href":"https:\/\/api.w.org\/{rel}","templated":true}]}}